{"id":3107,"date":"2015-09-05T16:03:43","date_gmt":"2015-09-05T16:03:43","guid":{"rendered":"https:\/\/micielo.es\/2015\/09\/05\/llegada-a-vejer\/"},"modified":"2015-09-05T16:03:43","modified_gmt":"2015-09-05T16:03:43","slug":"llegada-a-vejer","status":"publish","type":"post","link":"https:\/\/micielo.es\/es\/2015\/09\/05\/llegada-a-vejer\/","title":{"rendered":"Llegada a Vejer"},"content":{"rendered":"<p>Alquilamos un apartamento de vacaciones en Austria desde septiembre de 2015 hasta finales de junio de 2016 y quedamos gratamente sorprendidos y encantados con la maravillosa vista de la ciudad. Reservamos plazas escolares para los ni\u00f1os online.<\/p>\n<p>Cuando llegamos no conoc\u00edamos a nadie, est\u00e1bamos completamente solos. \u00c9ramos extra\u00f1os, pero no nos sent\u00edamos perdidos. Sin embargo, todos y cada uno de nosotros trajimos muchas de nuestras im\u00e1genes personales y deseos con nosotros.<\/p>\n","protected":false},"excerpt":{"rendered":"<p>Alquilamos un apartamento de vacaciones en Austria desde septiembre de 2015 hasta finales de junio de 2016 y quedamos gratamente sorprendidos y encantados con la maravillosa vista de la ciudad. Reservamos plazas escolares para los ni\u00f1os online. Cuando llegamos no conoc\u00edamos a nadie, est\u00e1bamos completamente solos. \u00c9ramos extra\u00f1os, pero no nos sent\u00edamos perdidos. Sin embargo, &hellip; <a href=\"https:\/\/micielo.es\/es\/2015\/09\/05\/llegada-a-vejer\/\" class=\"more-link\">Contin\u00faa leyendo <span class=\"screen-reader-text\">Llegada a Vejer<\/span><\/a><\/p>\n","protected":false},"author":117018168,"featured_media":2518,"comment_status":"open","ping_status":"open","sticky":false,"template":"","format":"standard","meta":{"_coblocks_attr":"","_coblocks_dimensions":"","_coblocks_responsive_height":"","_coblocks_accordion_ie_support":"","_crdt_document":"","advanced_seo_description":"","jetpack_seo_html_title":"","jetpack_seo_noindex":false,"_jetpack_newsletter_access":"","_jetpack_dont_email_post_to_subs":false,"_jetpack_newsletter_tier_id":0,"_jetpack_memberships_contains_paywalled_content":false,"_jetpack_memberships_contains_paid_content":false,"footnotes":"","jetpack_publicize_message":"","jetpack_publicize_feature_enabled":true,"jetpack_social_post_already_shared":true,"jetpack_social_options":{"image_generator_settings":{"template":"highway","default_image_id":0,"font":"","enabled":false},"version":2},"_wpas_customize_per_network":false,"jetpack_post_was_ever_published":false},"categories":[115],"tags":[],"class_list":["post-3107","post","type-post","status-publish","format-standard","has-post-thumbnail","hentry","category-general"],"jetpack_publicize_connections":[],"jetpack_featured_media_url":"https:\/\/i0.wp.com\/micielo.es\/wp-content\/uploads\/2017\/03\/8d2d2-apvejer_web.jpg?fit=336%2C425&ssl=1","jetpack_likes_enabled":false,"jetpack_sharing_enabled":true,"jetpack_shortlink":"https:\/\/wp.me\/p8oH4K-O7","amp_enabled":true,"_links":{"self":[{"href":"https:\/\/micielo.es\/es\/wp-json\/wp\/v2\/posts\/3107","targetHints":{"allow":["GET"]}}],"collection":[{"href":"https:\/\/micielo.es\/es\/wp-json\/wp\/v2\/posts"}],"about":[{"href":"https:\/\/micielo.es\/es\/wp-json\/wp\/v2\/types\/post"}],"author":[{"embeddable":true,"href":"https:\/\/micielo.es\/es\/wp-json\/wp\/v2\/users\/117018168"}],"replies":[{"embeddable":true,"href":"https:\/\/micielo.es\/es\/wp-json\/wp\/v2\/comments?post=3107"}],"version-history":[{"count":0,"href":"https:\/\/micielo.es\/es\/wp-json\/wp\/v2\/posts\/3107\/revisions"}],"wp:featuredmedia":[{"embeddable":true,"href":"https:\/\/micielo.es\/es\/wp-json\/wp\/v2\/media\/2518"}],"wp:attachment":[{"href":"https:\/\/micielo.es\/es\/wp-json\/wp\/v2\/media?parent=3107"}],"wp:term":[{"taxonomy":"category","embeddable":true,"href":"https:\/\/micielo.es\/es\/wp-json\/wp\/v2\/categories?post=3107"},{"taxonomy":"post_tag","embeddable":true,"href":"https:\/\/micielo.es\/es\/wp-json\/wp\/v2\/tags?post=3107"}],"curies":[{"name":"wp","href":"https:\/\/api.w.org\/{rel}","templated":true}]}}