{"id":3130,"date":"2016-12-16T23:53:30","date_gmt":"2016-12-16T23:53:30","guid":{"rendered":"https:\/\/micielo.es\/2016\/12\/16\/16-de-diciembre-de-2016\/"},"modified":"2016-12-16T23:53:30","modified_gmt":"2016-12-16T23:53:30","slug":"16-de-diciembre-de-2016","status":"publish","type":"post","link":"https:\/\/micielo.es\/es\/2016\/12\/16\/16-de-diciembre-de-2016\/","title":{"rendered":"16 de diciembre de 2016"},"content":{"rendered":"<p><em><strong>&#8230; presentamos nuestro proyecto en el \u00abAyuntamiento\u00bb (ayuntamiento) de Vejer&#8230; y recibimos muchos comentarios positivos&#8230;<\/strong><\/em><\/p>\n<p><!--more--><\/p>\n<p>Presentamos el proyecto \u201c <i>mi Cielo<\/i> \u201d a Jos\u00e9 Ortiz Galv\u00e1n, Alcalde de Vejer. Se hizo tomar fotos y prometi\u00f3 con un apret\u00f3n de manos que apoyar\u00eda personalmente el progreso del proyecto. Ser\u00eda exactamente lo que quiere para la regi\u00f3n.<\/p>\n<div class=\"tiled-gallery type-rectangular tiled-gallery-unresized\" data-original-width=\"700\" data-carousel-extra='{&quot;blog_id&quot;:1,&quot;permalink&quot;:&quot;https:\\\/\\\/micielo.es\\\/es\\\/2016\\\/12\\\/16\\\/16-de-diciembre-de-2016\\\/&quot;,&quot;likes_blog_id&quot;:124096146}' itemscope itemtype=\"http:\/\/schema.org\/ImageGallery\" > <div class=\"gallery-row\" style=\"width: 700px; height: 199px;\" data-original-width=\"700\" data-original-height=\"199\" > <div class=\"gallery-group images-1\" style=\"width: 350px; height: 199px;\" data-original-width=\"350\" data-original-height=\"199\" > <div class=\"tiled-gallery-item tiled-gallery-item-large\" itemprop=\"associatedMedia\" itemscope itemtype=\"http:\/\/schema.org\/ImageObject\"> <a href=\"https:\/\/micielo.es\/es\/casa-calendula-buchen\/20161216_113749-2-2\/\" border=\"0\" itemprop=\"url\"> <meta itemprop=\"width\" content=\"346\"> <meta itemprop=\"height\" content=\"195\"> <img decoding=\"async\" class=\"\" data-attachment-id=\"2611\" data-orig-file=\"https:\/\/micielo.es\/wp-content\/uploads\/2017\/05\/d9109-20161216_113749.jpg\" data-orig-size=\"3264,1836\" data-comments-opened=\"1\" data-image-meta=\"{&quot;aperture&quot;:&quot;2.4&quot;,&quot;credit&quot;:&quot;&quot;,&quot;camera&quot;:&quot;SM-A300FU&quot;,&quot;caption&quot;:&quot;&quot;,&quot;created_timestamp&quot;:&quot;1481888269&quot;,&quot;copyright&quot;:&quot;&quot;,&quot;focal_length&quot;:&quot;3.3&quot;,&quot;iso&quot;:&quot;80&quot;,&quot;shutter_speed&quot;:&quot;0.03030303030303&quot;,&quot;title&quot;:&quot;&quot;,&quot;orientation&quot;:&quot;1&quot;}\" data-image-title=\"20161216_113749\" data-image-description=\"\" data-medium-file=\"https:\/\/i0.wp.com\/micielo.es\/wp-content\/uploads\/2017\/05\/d9109-20161216_113749.jpg?fit=300%2C169&#038;ssl=1\" data-large-file=\"https:\/\/i0.wp.com\/micielo.es\/wp-content\/uploads\/2017\/05\/d9109-20161216_113749.jpg?fit=700%2C394&#038;ssl=1\" src=\"https:\/\/i0.wp.com\/micielo.es\/wp-content\/uploads\/2017\/05\/d9109-20161216_113749.jpg?w=346&#038;h=195&#038;ssl=1\" srcset=\"https:\/\/i0.wp.com\/micielo.es\/wp-content\/uploads\/2017\/05\/d9109-20161216_113749.jpg?w=3264&amp;ssl=1 3264w, https:\/\/i0.wp.com\/micielo.es\/wp-content\/uploads\/2017\/05\/d9109-20161216_113749.jpg?resize=300%2C169&amp;ssl=1 300w, https:\/\/i0.wp.com\/micielo.es\/wp-content\/uploads\/2017\/05\/d9109-20161216_113749.jpg?resize=1024%2C576&amp;ssl=1 1024w, https:\/\/i0.wp.com\/micielo.es\/wp-content\/uploads\/2017\/05\/d9109-20161216_113749.jpg?resize=768%2C432&amp;ssl=1 768w, https:\/\/i0.wp.com\/micielo.es\/wp-content\/uploads\/2017\/05\/d9109-20161216_113749.jpg?resize=1536%2C864&amp;ssl=1 1536w, https:\/\/i0.wp.com\/micielo.es\/wp-content\/uploads\/2017\/05\/d9109-20161216_113749.jpg?resize=2048%2C1152&amp;ssl=1 2048w, https:\/\/i0.wp.com\/micielo.es\/wp-content\/uploads\/2017\/05\/d9109-20161216_113749.jpg?resize=1200%2C675&amp;ssl=1 1200w, https:\/\/i0.wp.com\/micielo.es\/wp-content\/uploads\/2017\/05\/d9109-20161216_113749.jpg?resize=1980%2C1114&amp;ssl=1 1980w, https:\/\/i0.wp.com\/micielo.es\/wp-content\/uploads\/2017\/05\/d9109-20161216_113749.jpg?w=1400&amp;ssl=1 1400w, https:\/\/i0.wp.com\/micielo.es\/wp-content\/uploads\/2017\/05\/d9109-20161216_113749.jpg?w=2100&amp;ssl=1 2100w\" width=\"346\" height=\"195\" loading=\"lazy\" data-original-width=\"346\" data-original-height=\"195\" itemprop=\"http:\/\/schema.org\/image\" title=\"20161216_113749\" alt=\"20161216_113749\" style=\"width: 346px; height: 195px;\" \/> <\/a> <\/div> <\/div> <!-- close group --> <div class=\"gallery-group images-1\" style=\"width: 350px; height: 199px;\" data-original-width=\"350\" data-original-height=\"199\" > <div class=\"tiled-gallery-item tiled-gallery-item-large\" itemprop=\"associatedMedia\" itemscope itemtype=\"http:\/\/schema.org\/ImageObject\"> <a href=\"https:\/\/micielo.es\/es\/casa-calendula-buchen\/20161216_113755-2\/\" border=\"0\" itemprop=\"url\"> <meta itemprop=\"width\" content=\"346\"> <meta itemprop=\"height\" content=\"195\"> <img decoding=\"async\" class=\"\" data-attachment-id=\"2612\" data-orig-file=\"https:\/\/micielo.es\/wp-content\/uploads\/2017\/05\/24629-20161216_113755.jpg\" data-orig-size=\"3264,1836\" data-comments-opened=\"1\" data-image-meta=\"{&quot;aperture&quot;:&quot;2.4&quot;,&quot;credit&quot;:&quot;&quot;,&quot;camera&quot;:&quot;SM-A300FU&quot;,&quot;caption&quot;:&quot;&quot;,&quot;created_timestamp&quot;:&quot;1481888275&quot;,&quot;copyright&quot;:&quot;&quot;,&quot;focal_length&quot;:&quot;3.3&quot;,&quot;iso&quot;:&quot;80&quot;,&quot;shutter_speed&quot;:&quot;0.03030303030303&quot;,&quot;title&quot;:&quot;&quot;,&quot;orientation&quot;:&quot;1&quot;}\" data-image-title=\"20161216_113755\" data-image-description=\"\" data-medium-file=\"https:\/\/i0.wp.com\/micielo.es\/wp-content\/uploads\/2017\/05\/24629-20161216_113755.jpg?fit=300%2C169&#038;ssl=1\" data-large-file=\"https:\/\/i0.wp.com\/micielo.es\/wp-content\/uploads\/2017\/05\/24629-20161216_113755.jpg?fit=700%2C394&#038;ssl=1\" src=\"https:\/\/i0.wp.com\/micielo.es\/wp-content\/uploads\/2017\/05\/24629-20161216_113755.jpg?w=346&#038;h=195&#038;ssl=1\" srcset=\"https:\/\/i0.wp.com\/micielo.es\/wp-content\/uploads\/2017\/05\/24629-20161216_113755.jpg?w=3264&amp;ssl=1 3264w, https:\/\/i0.wp.com\/micielo.es\/wp-content\/uploads\/2017\/05\/24629-20161216_113755.jpg?resize=300%2C169&amp;ssl=1 300w, https:\/\/i0.wp.com\/micielo.es\/wp-content\/uploads\/2017\/05\/24629-20161216_113755.jpg?resize=1024%2C576&amp;ssl=1 1024w, https:\/\/i0.wp.com\/micielo.es\/wp-content\/uploads\/2017\/05\/24629-20161216_113755.jpg?resize=768%2C432&amp;ssl=1 768w, https:\/\/i0.wp.com\/micielo.es\/wp-content\/uploads\/2017\/05\/24629-20161216_113755.jpg?resize=1536%2C864&amp;ssl=1 1536w, https:\/\/i0.wp.com\/micielo.es\/wp-content\/uploads\/2017\/05\/24629-20161216_113755.jpg?resize=2048%2C1152&amp;ssl=1 2048w, https:\/\/i0.wp.com\/micielo.es\/wp-content\/uploads\/2017\/05\/24629-20161216_113755.jpg?resize=1200%2C675&amp;ssl=1 1200w, https:\/\/i0.wp.com\/micielo.es\/wp-content\/uploads\/2017\/05\/24629-20161216_113755.jpg?resize=1980%2C1114&amp;ssl=1 1980w, https:\/\/i0.wp.com\/micielo.es\/wp-content\/uploads\/2017\/05\/24629-20161216_113755.jpg?w=1400&amp;ssl=1 1400w, https:\/\/i0.wp.com\/micielo.es\/wp-content\/uploads\/2017\/05\/24629-20161216_113755.jpg?w=2100&amp;ssl=1 2100w\" width=\"346\" height=\"195\" loading=\"lazy\" data-original-width=\"346\" data-original-height=\"195\" itemprop=\"http:\/\/schema.org\/image\" title=\"20161216_113755\" alt=\"20161216_113755\" style=\"width: 346px; height: 195px;\" \/> <\/a> <\/div> <\/div> <!-- close group --> <\/div> <!-- close row --> <\/div>\n<p><strong>El apoyo local es una parte esencial de nuestra visi\u00f3n.<\/strong> Si nuestro proyecto es recibido tan positivamente, entonces vamos por buen camino. Los principales argumentos de la benevolencia son el enfoque ecol\u00f3gico, la integraci\u00f3n de las estructuras regionales y la participaci\u00f3n de la poblaci\u00f3n local, para preservar los fen\u00f3menos naturales en la medida de lo posible, se refieren a la construcci\u00f3n tradicional con materiales regionales.<\/p>\n<p><strong>Nos damos cuenta que tenemos que ser responsables con la confianza que nos sacamos de antemano!!!<\/strong><\/p>\n<p>Nos damos cuenta de lo importante que es que nos hayamos tomado mucho tiempo para conocer gente, haber aprendido nuevas costumbres culturales, aceptarlas, apreciarlas y amar esta ciudad y su gente. <strong>Hemos estado viviendo en Vejer durante un a\u00f1o y medio y ahora somos una peque\u00f1a parte de esta ciudad, pertenecemos aqu\u00ed y ya no somos solo extra\u00f1os. <\/strong><\/p>\n<p>Desde el principio participamos en la vida p\u00fablica, buscamos y encontramos nuestro nuevo c\u00edrculo de amigos entre los espa\u00f1oles, aprendimos el idioma y nos abrimos a todo lo nuevo. Hemos aprendido a no impacientarnos ya confiar en que de alguna manera todo se solucionar\u00e1. Peter dice: <strong>\u201cTodo siempre resulta diferente de lo que piensas. Pero vendr\u00e1.\u201d<\/strong> Encontramos que la gente aqu\u00ed est\u00e1 m\u00e1s orientada a la soluci\u00f3n que a la meta, y eso requiere un replanteamiento de nuestra parte.<\/p>\n<p>&nbsp;<\/p>\n<p>&nbsp;<\/p>\n","protected":false},"excerpt":{"rendered":"<p>&#8230; presentamos nuestro proyecto en el \u00abAyuntamiento\u00bb (ayuntamiento) de Vejer&#8230; y recibimos muchos comentarios positivos&#8230;<\/p>\n","protected":false},"author":117018168,"featured_media":2610,"comment_status":"open","ping_status":"open","sticky":false,"template":"","format":"standard","meta":{"_coblocks_attr":"","_coblocks_dimensions":"","_coblocks_responsive_height":"","_coblocks_accordion_ie_support":"","_crdt_document":"","advanced_seo_description":"","jetpack_seo_html_title":"","jetpack_seo_noindex":false,"_jetpack_newsletter_access":"","_jetpack_dont_email_post_to_subs":false,"_jetpack_newsletter_tier_id":0,"_jetpack_memberships_contains_paywalled_content":false,"_jetpack_memberships_contains_paid_content":false,"footnotes":"","jetpack_publicize_message":"","jetpack_publicize_feature_enabled":true,"jetpack_social_post_already_shared":true,"jetpack_social_options":{"image_generator_settings":{"template":"highway","default_image_id":0,"font":"","enabled":false},"version":2},"_wpas_customize_per_network":false,"jetpack_post_was_ever_published":false},"categories":[115],"tags":[],"class_list":["post-3130","post","type-post","status-publish","format-standard","has-post-thumbnail","hentry","category-general"],"jetpack_publicize_connections":[],"jetpack_featured_media_url":"https:\/\/i0.wp.com\/micielo.es\/wp-content\/uploads\/2017\/05\/0434a-20161216_113743.jpg?fit=3264%2C1836&ssl=1","jetpack_likes_enabled":false,"jetpack_sharing_enabled":true,"jetpack_shortlink":"https:\/\/wp.me\/p8oH4K-Ou","amp_enabled":true,"_links":{"self":[{"href":"https:\/\/micielo.es\/es\/wp-json\/wp\/v2\/posts\/3130","targetHints":{"allow":["GET"]}}],"collection":[{"href":"https:\/\/micielo.es\/es\/wp-json\/wp\/v2\/posts"}],"about":[{"href":"https:\/\/micielo.es\/es\/wp-json\/wp\/v2\/types\/post"}],"author":[{"embeddable":true,"href":"https:\/\/micielo.es\/es\/wp-json\/wp\/v2\/users\/117018168"}],"replies":[{"embeddable":true,"href":"https:\/\/micielo.es\/es\/wp-json\/wp\/v2\/comments?post=3130"}],"version-history":[{"count":0,"href":"https:\/\/micielo.es\/es\/wp-json\/wp\/v2\/posts\/3130\/revisions"}],"wp:featuredmedia":[{"embeddable":true,"href":"https:\/\/micielo.es\/es\/wp-json\/wp\/v2\/media\/2610"}],"wp:attachment":[{"href":"https:\/\/micielo.es\/es\/wp-json\/wp\/v2\/media?parent=3130"}],"wp:term":[{"taxonomy":"category","embeddable":true,"href":"https:\/\/micielo.es\/es\/wp-json\/wp\/v2\/categories?post=3130"},{"taxonomy":"post_tag","embeddable":true,"href":"https:\/\/micielo.es\/es\/wp-json\/wp\/v2\/tags?post=3130"}],"curies":[{"name":"wp","href":"https:\/\/api.w.org\/{rel}","templated":true}]}}