{"id":4084,"date":"2016-12-16T23:53:30","date_gmt":"2016-12-16T23:53:30","guid":{"rendered":"https:\/\/micielo.es\/2016\/12\/16\/16-decembre-2016\/"},"modified":"2016-12-16T23:53:30","modified_gmt":"2016-12-16T23:53:30","slug":"16-decembre-2016","status":"publish","type":"post","link":"https:\/\/micielo.es\/fr\/2016\/12\/16\/16-decembre-2016\/","title":{"rendered":"16 d\u00e9cembre 2016"},"content":{"rendered":"<p><em><strong>&#8230; nous pr\u00e9sentons notre projet \u00e0 l'\u00a0\u00bbAyuntamiento\u00a0\u00bb (mairie) de Vejer&#8230; et recevons beaucoup de retours positifs&#8230;<\/strong><\/em><\/p>\n<p><!--more--><\/p>\n<p>Nous pr\u00e9sentons le projet \u00ab <i>mi Cielo<\/i> \u00bb \u00e0 Jos\u00e9 Ortiz Galv\u00e1n, maire de Vejer. Il a fait prendre des photos et a promis d&rsquo;une poign\u00e9e de main qu&rsquo;il soutiendrait personnellement l&rsquo;avancement du projet. Ce serait exactement ce qu&rsquo;il souhaite pour la r\u00e9gion.<\/p>\n<div class=\"tiled-gallery type-rectangular tiled-gallery-unresized\" data-original-width=\"700\" data-carousel-extra='{&quot;blog_id&quot;:1,&quot;permalink&quot;:&quot;https:\\\/\\\/micielo.es\\\/fr\\\/2016\\\/12\\\/16\\\/16-decembre-2016\\\/&quot;,&quot;likes_blog_id&quot;:124096146}' itemscope itemtype=\"http:\/\/schema.org\/ImageGallery\" > <div class=\"gallery-row\" style=\"width: 700px; height: 199px;\" data-original-width=\"700\" data-original-height=\"199\" > <div class=\"gallery-group images-1\" style=\"width: 350px; height: 199px;\" data-original-width=\"350\" data-original-height=\"199\" > <div class=\"tiled-gallery-item tiled-gallery-item-large\" itemprop=\"associatedMedia\" itemscope itemtype=\"http:\/\/schema.org\/ImageObject\"> <a href=\"https:\/\/micielo.es\/fr\/2016\/12\/16\/16-decembre-2016\/20161216_113749\/\" border=\"0\" itemprop=\"url\"> <meta itemprop=\"width\" content=\"346\"> <meta itemprop=\"height\" content=\"195\"> <img decoding=\"async\" class=\"\" data-attachment-id=\"4444\" data-orig-file=\"https:\/\/micielo.es\/fr\/2016\/12\/16\/16-decembre-2016\/20161216_113749\/\" data-orig-size=\"3264,1836\" data-comments-opened=\"1\" data-image-meta=\"{&quot;aperture&quot;:&quot;2.4&quot;,&quot;credit&quot;:&quot;&quot;,&quot;camera&quot;:&quot;SM-A300FU&quot;,&quot;caption&quot;:&quot;&quot;,&quot;created_timestamp&quot;:&quot;1481888269&quot;,&quot;copyright&quot;:&quot;&quot;,&quot;focal_length&quot;:&quot;3.3&quot;,&quot;iso&quot;:&quot;80&quot;,&quot;shutter_speed&quot;:&quot;0.03030303030303&quot;,&quot;title&quot;:&quot;&quot;,&quot;orientation&quot;:&quot;1&quot;}\" data-image-title=\"20161216_113749\" data-image-description=\"\" data-medium-file=\"\" data-large-file=\"\" src=\"https:\/\/micielo.es\/fr\/2016\/12\/16\/16-decembre-2016\/20161216_113749\/\" width=\"346\" height=\"195\" loading=\"lazy\" data-original-width=\"346\" data-original-height=\"195\" itemprop=\"http:\/\/schema.org\/image\" title=\"20161216_113749\" alt=\"20161216_113749\" style=\"width: 346px; height: 195px;\" \/> <\/a> <\/div> <\/div> <!-- close group --> <div class=\"gallery-group images-1\" style=\"width: 350px; height: 199px;\" data-original-width=\"350\" data-original-height=\"199\" > <div class=\"tiled-gallery-item tiled-gallery-item-large\" itemprop=\"associatedMedia\" itemscope itemtype=\"http:\/\/schema.org\/ImageObject\"> <a href=\"https:\/\/micielo.es\/fr\/2016\/12\/16\/16-decembre-2016\/20161216_113755\/\" border=\"0\" itemprop=\"url\"> <meta itemprop=\"width\" content=\"346\"> <meta itemprop=\"height\" content=\"195\"> <img decoding=\"async\" class=\"\" data-attachment-id=\"4484\" data-orig-file=\"https:\/\/micielo.es\/fr\/2016\/12\/16\/16-decembre-2016\/20161216_113755\/\" data-orig-size=\"3264,1836\" data-comments-opened=\"1\" data-image-meta=\"{&quot;aperture&quot;:&quot;2.4&quot;,&quot;credit&quot;:&quot;&quot;,&quot;camera&quot;:&quot;SM-A300FU&quot;,&quot;caption&quot;:&quot;&quot;,&quot;created_timestamp&quot;:&quot;1481888275&quot;,&quot;copyright&quot;:&quot;&quot;,&quot;focal_length&quot;:&quot;3.3&quot;,&quot;iso&quot;:&quot;80&quot;,&quot;shutter_speed&quot;:&quot;0.03030303030303&quot;,&quot;title&quot;:&quot;&quot;,&quot;orientation&quot;:&quot;1&quot;}\" data-image-title=\"20161216_113755\" data-image-description=\"\" data-medium-file=\"\" data-large-file=\"\" src=\"https:\/\/micielo.es\/fr\/2016\/12\/16\/16-decembre-2016\/20161216_113755\/\" width=\"346\" height=\"195\" loading=\"lazy\" data-original-width=\"346\" data-original-height=\"195\" itemprop=\"http:\/\/schema.org\/image\" title=\"20161216_113755\" alt=\"20161216_113755\" style=\"width: 346px; height: 195px;\" \/> <\/a> <\/div> <\/div> <!-- close group --> <\/div> <!-- close row --> <\/div>\n<p><strong>Le soutien local est un \u00e9l\u00e9ment essentiel de notre vision.<\/strong> Si notre projet est re\u00e7u aussi positivement, alors nous sommes sur la bonne voie. Les principaux arguments de la bienveillance sont l&rsquo;approche \u00e9cologique, l&rsquo;int\u00e9gration des structures r\u00e9gionales et l&rsquo;implication des populations locales, pour pr\u00e9server au maximum les occurrences naturelles, se r\u00e9f\u00e9rer \u00e0 la construction traditionnelle avec des mat\u00e9riaux r\u00e9gionaux.<\/p>\n<p><strong>Nous r\u00e9alisons que nous devons \u00eatre responsables avec la confiance que nous recevons d&rsquo;avance !!!<\/strong><\/p>\n<p>Nous r\u00e9alisons \u00e0 quel point il est important d&rsquo;avoir pris beaucoup de temps pour rencontrer des gens, avoir appris de nouvelles mani\u00e8res culturelles, les accepter, les appr\u00e9cier et aimer cette ville et ses habitants. <strong>Nous vivons \u00e0 Vejer depuis 1 an et demi maintenant et sommes maintenant une petite partie de cette ville, appartenons ici et ne sommes plus seulement des \u00e9trangers. <\/strong><\/p>\n<p>D\u00e8s le d\u00e9but, nous avons particip\u00e9 \u00e0 la vie publique, cherch\u00e9 et trouv\u00e9 notre nouveau cercle d&rsquo;amis parmi les Espagnols, appris la langue et \u00e9t\u00e9 ouverts \u00e0 tout ce qui \u00e9tait nouveau. Nous avons appris \u00e0 ne pas \u00eatre impatients et \u00e0 avoir confiance que d&rsquo;une mani\u00e8re ou d&rsquo;une autre, tout arrivera \u00e0 une solution. Peter dit : <strong>\u00ab Tout se passe toujours diff\u00e9remment de ce que vous pensez. Mais \u00e7a viendra. \u00bb<\/strong> Nous constatons que les gens ici sont plus orient\u00e9s vers les solutions que vers les objectifs, et cela n\u00e9cessite une refonte de notre part.<\/p>\n<p>&nbsp;<\/p>\n<p>&nbsp;<\/p>\n","protected":false},"excerpt":{"rendered":"<p>&#8230; nous pr\u00e9sentons notre projet \u00e0 l&rsquo;\u00a0\u00bbAyuntamiento\u00a0\u00bb (mairie) de Vejer&#8230; et recevons beaucoup de retours positifs&#8230;<\/p>\n","protected":false},"author":117018168,"featured_media":4087,"comment_status":"open","ping_status":"open","sticky":false,"template":"","format":"standard","meta":{"_coblocks_attr":"","_coblocks_dimensions":"","_coblocks_responsive_height":"","_coblocks_accordion_ie_support":"","_crdt_document":"","advanced_seo_description":"","jetpack_seo_html_title":"","jetpack_seo_noindex":false,"_jetpack_newsletter_access":"","_jetpack_dont_email_post_to_subs":false,"_jetpack_newsletter_tier_id":0,"_jetpack_memberships_contains_paywalled_content":false,"_jetpack_memberships_contains_paid_content":false,"footnotes":"","jetpack_publicize_message":"","jetpack_publicize_feature_enabled":true,"jetpack_social_post_already_shared":true,"jetpack_social_options":{"image_generator_settings":{"template":"highway","default_image_id":0,"font":"","enabled":false},"version":2},"_wpas_customize_per_network":false,"jetpack_post_was_ever_published":false},"categories":[134],"tags":[],"class_list":["post-4084","post","type-post","status-publish","format-standard","has-post-thumbnail","hentry","category-general-fr"],"jetpack_publicize_connections":[],"jetpack_featured_media_url":"https:\/\/i0.wp.com\/micielo.es\/wp-content\/uploads\/2017\/05\/0434a-20161216_113743.jpg?fit=3264%2C1836&ssl=1","jetpack_likes_enabled":false,"jetpack_sharing_enabled":true,"jetpack_shortlink":"https:\/\/wp.me\/p8oH4K-13S","amp_enabled":true,"_links":{"self":[{"href":"https:\/\/micielo.es\/fr\/wp-json\/wp\/v2\/posts\/4084","targetHints":{"allow":["GET"]}}],"collection":[{"href":"https:\/\/micielo.es\/fr\/wp-json\/wp\/v2\/posts"}],"about":[{"href":"https:\/\/micielo.es\/fr\/wp-json\/wp\/v2\/types\/post"}],"author":[{"embeddable":true,"href":"https:\/\/micielo.es\/fr\/wp-json\/wp\/v2\/users\/117018168"}],"replies":[{"embeddable":true,"href":"https:\/\/micielo.es\/fr\/wp-json\/wp\/v2\/comments?post=4084"}],"version-history":[{"count":0,"href":"https:\/\/micielo.es\/fr\/wp-json\/wp\/v2\/posts\/4084\/revisions"}],"wp:featuredmedia":[{"embeddable":true,"href":"https:\/\/micielo.es\/fr\/wp-json\/wp\/v2\/media\/4087"}],"wp:attachment":[{"href":"https:\/\/micielo.es\/fr\/wp-json\/wp\/v2\/media?parent=4084"}],"wp:term":[{"taxonomy":"category","embeddable":true,"href":"https:\/\/micielo.es\/fr\/wp-json\/wp\/v2\/categories?post=4084"},{"taxonomy":"post_tag","embeddable":true,"href":"https:\/\/micielo.es\/fr\/wp-json\/wp\/v2\/tags?post=4084"}],"curies":[{"name":"wp","href":"https:\/\/api.w.org\/{rel}","templated":true}]}}