{"id":4108,"date":"2017-04-01T14:13:03","date_gmt":"2017-04-01T14:13:03","guid":{"rendered":"https:\/\/micielo.es\/2017\/04\/01\/avril-2017\/"},"modified":"2017-04-01T14:13:03","modified_gmt":"2017-04-01T14:13:03","slug":"avril-2017","status":"publish","type":"post","link":"https:\/\/micielo.es\/fr\/2017\/04\/01\/avril-2017\/","title":{"rendered":"AVRIL 2017"},"content":{"rendered":"<p><img data-recalc-dims=\"1\" loading=\"lazy\" decoding=\"async\" class=\"alignnone size-large wp-image-601\" src=\"https:\/\/i0.wp.com\/micielo.es\/wp-content\/uploads\/2017\/05\/c6947-20170410_140403.jpg?resize=572%2C1024&#038;ssl=1\" alt=\"20170410_140403\" width=\"572\" height=\"1024\" srcset=\"https:\/\/i0.wp.com\/micielo.es\/wp-content\/uploads\/2017\/05\/c6947-20170410_140403.jpg?w=1824&amp;ssl=1 1824w, https:\/\/i0.wp.com\/micielo.es\/wp-content\/uploads\/2017\/05\/c6947-20170410_140403.jpg?resize=168%2C300&amp;ssl=1 168w, https:\/\/i0.wp.com\/micielo.es\/wp-content\/uploads\/2017\/05\/c6947-20170410_140403.jpg?resize=572%2C1024&amp;ssl=1 572w, https:\/\/i0.wp.com\/micielo.es\/wp-content\/uploads\/2017\/05\/c6947-20170410_140403.jpg?resize=768%2C1374&amp;ssl=1 768w, https:\/\/i0.wp.com\/micielo.es\/wp-content\/uploads\/2017\/05\/c6947-20170410_140403.jpg?resize=858%2C1536&amp;ssl=1 858w, https:\/\/i0.wp.com\/micielo.es\/wp-content\/uploads\/2017\/05\/c6947-20170410_140403.jpg?resize=1144%2C2048&amp;ssl=1 1144w, https:\/\/i0.wp.com\/micielo.es\/wp-content\/uploads\/2017\/05\/c6947-20170410_140403.jpg?resize=1200%2C2147&amp;ssl=1 1200w, https:\/\/i0.wp.com\/micielo.es\/wp-content\/uploads\/2017\/05\/c6947-20170410_140403.jpg?w=1400&amp;ssl=1 1400w\" sizes=\"auto, (max-width: 572px) 100vw, 572px\" \/><\/p>\n<p><em><strong>Nous avons sous-estim\u00e9 \u00e0 quel point le \u00ab\u00a0Levante\u00a0\u00bb (vent chaud avec de fortes rafales) ass\u00e8che le sol. Nos arbres fruitiers ont besoin d&rsquo;\u00eatre arros\u00e9s tous les quelques jours&#8230;.<\/strong><\/em><\/p>\n<p><!--more--><br \/>\n<img data-recalc-dims=\"1\" loading=\"lazy\" decoding=\"async\" class=\"alignnone size-large wp-image-602\" src=\"https:\/\/i0.wp.com\/micielo.es\/wp-content\/uploads\/2017\/05\/98861-20170410_140409.jpg?resize=572%2C1024&#038;ssl=1\" alt=\"20170410_140409\" width=\"572\" height=\"1024\" srcset=\"https:\/\/i0.wp.com\/micielo.es\/wp-content\/uploads\/2017\/05\/98861-20170410_140409.jpg?w=1824&amp;ssl=1 1824w, https:\/\/i0.wp.com\/micielo.es\/wp-content\/uploads\/2017\/05\/98861-20170410_140409.jpg?resize=168%2C300&amp;ssl=1 168w, https:\/\/i0.wp.com\/micielo.es\/wp-content\/uploads\/2017\/05\/98861-20170410_140409.jpg?resize=572%2C1024&amp;ssl=1 572w, https:\/\/i0.wp.com\/micielo.es\/wp-content\/uploads\/2017\/05\/98861-20170410_140409.jpg?resize=768%2C1374&amp;ssl=1 768w, https:\/\/i0.wp.com\/micielo.es\/wp-content\/uploads\/2017\/05\/98861-20170410_140409.jpg?resize=858%2C1536&amp;ssl=1 858w, https:\/\/i0.wp.com\/micielo.es\/wp-content\/uploads\/2017\/05\/98861-20170410_140409.jpg?resize=1144%2C2048&amp;ssl=1 1144w, https:\/\/i0.wp.com\/micielo.es\/wp-content\/uploads\/2017\/05\/98861-20170410_140409.jpg?resize=1200%2C2147&amp;ssl=1 1200w, https:\/\/i0.wp.com\/micielo.es\/wp-content\/uploads\/2017\/05\/98861-20170410_140409.jpg?w=1400&amp;ssl=1 1400w\" sizes=\"auto, (max-width: 572px) 100vw, 572px\" \/><\/p>\n<p>&#8230;Le sol est d\u00e9j\u00e0 tr\u00e8s dur et a du mal \u00e0 absorber l&rsquo;eau. Comme nous ne pouvons pas encore prendre l&rsquo;eau de la propri\u00e9t\u00e9 car la technologie n\u00e9cessaire fait toujours d\u00e9faut, nous devons nous rendre \u00e0 la Muela avec 35 bouteilles d&rsquo;eau remplies et les porter \u00e0 chaque arbre.<\/p>\n<p><img data-recalc-dims=\"1\" loading=\"lazy\" decoding=\"async\" class=\"alignnone size-full wp-image-794\" src=\"https:\/\/i0.wp.com\/micielo.es\/wp-content\/uploads\/2017\/05\/3761c-gabi-und-herbert.jpg?resize=596%2C427&#038;ssl=1\" alt=\"Gabi und Herbert\" width=\"596\" height=\"427\" srcset=\"https:\/\/i0.wp.com\/micielo.es\/wp-content\/uploads\/2017\/05\/3761c-gabi-und-herbert.jpg?w=596&amp;ssl=1 596w, https:\/\/i0.wp.com\/micielo.es\/wp-content\/uploads\/2017\/05\/3761c-gabi-und-herbert.jpg?resize=300%2C215&amp;ssl=1 300w\" sizes=\"auto, (max-width: 596px) 100vw, 596px\" \/><\/p>\n<p><strong>Gabi et Herbert viennent en visite de Vienne<\/strong> et aident \u00e0 d\u00e9fricher le bois. Nous sommes reconnaissants pour chaque soutien que nous recevons de nos amis.<\/p>\n<p><strong>Apr\u00e8s trois visites personnelles \u00e0 l&rsquo;Ajuntamento<\/strong> et insistant sur l&rsquo;urgence, nous obtenons un rendez-vous avec le maire pour le mardi 18 avril. Celle-ci sera annul\u00e9e le jour m\u00eame.<\/p>\n<p>Apr\u00e8s un rendez-vous renouvel\u00e9, une rencontre avec le maire et les responsables de l&rsquo;Urbanismo (bureau de construction de la ville) est possible.<\/p>\n<p><img data-recalc-dims=\"1\" loading=\"lazy\" decoding=\"async\" class=\"alignnone size-large wp-image-451\" src=\"https:\/\/i0.wp.com\/micielo.es\/wp-content\/uploads\/2017\/05\/30ed8-20161209_131509.jpg?resize=700%2C394&#038;ssl=1\" alt=\"20161209_131509\" width=\"700\" height=\"394\" srcset=\"https:\/\/i0.wp.com\/micielo.es\/wp-content\/uploads\/2017\/05\/30ed8-20161209_131509.jpg?w=3264&amp;ssl=1 3264w, https:\/\/i0.wp.com\/micielo.es\/wp-content\/uploads\/2017\/05\/30ed8-20161209_131509.jpg?resize=300%2C169&amp;ssl=1 300w, https:\/\/i0.wp.com\/micielo.es\/wp-content\/uploads\/2017\/05\/30ed8-20161209_131509.jpg?resize=1024%2C576&amp;ssl=1 1024w, https:\/\/i0.wp.com\/micielo.es\/wp-content\/uploads\/2017\/05\/30ed8-20161209_131509.jpg?resize=768%2C432&amp;ssl=1 768w, https:\/\/i0.wp.com\/micielo.es\/wp-content\/uploads\/2017\/05\/30ed8-20161209_131509.jpg?resize=1536%2C864&amp;ssl=1 1536w, https:\/\/i0.wp.com\/micielo.es\/wp-content\/uploads\/2017\/05\/30ed8-20161209_131509.jpg?resize=2048%2C1152&amp;ssl=1 2048w, https:\/\/i0.wp.com\/micielo.es\/wp-content\/uploads\/2017\/05\/30ed8-20161209_131509.jpg?resize=1200%2C675&amp;ssl=1 1200w, https:\/\/i0.wp.com\/micielo.es\/wp-content\/uploads\/2017\/05\/30ed8-20161209_131509.jpg?resize=1980%2C1114&amp;ssl=1 1980w, https:\/\/i0.wp.com\/micielo.es\/wp-content\/uploads\/2017\/05\/30ed8-20161209_131509.jpg?w=1400&amp;ssl=1 1400w, https:\/\/i0.wp.com\/micielo.es\/wp-content\/uploads\/2017\/05\/30ed8-20161209_131509.jpg?w=2100&amp;ssl=1 2100w\" sizes=\"auto, (max-width: 700px) 100vw, 700px\" \/><\/p>\n<p><strong>Tout le monde est tr\u00e8s int\u00e9ress\u00e9 \u00e0 ce que notre projet soit approuv\u00e9.<\/strong> Cependant, ils ont fait une erreur et ont sign\u00e9 une loi qui leur lie d\u00e9sormais les mains. Ils ne l&rsquo;avaient pas lu auparavant et maintenant certains projets sont touch\u00e9s. Ils essaieront tr\u00e8s fort de trouver une issue et se rencontreront le 3 mai.<\/p>\n<p>Heureusement, toutes les personnes impliqu\u00e9es sont convaincues qu&rsquo;il y aura une solution &#8211; seul le chemin pour y arriver doit d&rsquo;abord \u00eatre trouv\u00e9. Tout le monde confirme \u00e0 quel point Vejer veut et a besoin de notre projet.<\/p>\n<p><strong>Nous attendons donc le 3 mai.<\/strong><\/p>\n<p>Pendant ce temps, nous continuons \u00e0 travailler et \u00e0 planifier.<\/p>\n<p><img data-recalc-dims=\"1\" loading=\"lazy\" decoding=\"async\" class=\"alignnone size-large wp-image-578\" src=\"https:\/\/i0.wp.com\/micielo.es\/wp-content\/uploads\/2017\/05\/35865-20170220_150725.jpg?resize=700%2C394&#038;ssl=1\" alt=\"20170220_150725\" width=\"700\" height=\"394\" srcset=\"https:\/\/i0.wp.com\/micielo.es\/wp-content\/uploads\/2017\/05\/35865-20170220_150725.jpg?w=3264&amp;ssl=1 3264w, https:\/\/i0.wp.com\/micielo.es\/wp-content\/uploads\/2017\/05\/35865-20170220_150725.jpg?resize=300%2C169&amp;ssl=1 300w, https:\/\/i0.wp.com\/micielo.es\/wp-content\/uploads\/2017\/05\/35865-20170220_150725.jpg?resize=1024%2C576&amp;ssl=1 1024w, https:\/\/i0.wp.com\/micielo.es\/wp-content\/uploads\/2017\/05\/35865-20170220_150725.jpg?resize=768%2C432&amp;ssl=1 768w, https:\/\/i0.wp.com\/micielo.es\/wp-content\/uploads\/2017\/05\/35865-20170220_150725.jpg?resize=1536%2C864&amp;ssl=1 1536w, https:\/\/i0.wp.com\/micielo.es\/wp-content\/uploads\/2017\/05\/35865-20170220_150725.jpg?resize=2048%2C1152&amp;ssl=1 2048w, https:\/\/i0.wp.com\/micielo.es\/wp-content\/uploads\/2017\/05\/35865-20170220_150725.jpg?resize=1200%2C675&amp;ssl=1 1200w, https:\/\/i0.wp.com\/micielo.es\/wp-content\/uploads\/2017\/05\/35865-20170220_150725.jpg?resize=1980%2C1114&amp;ssl=1 1980w, https:\/\/i0.wp.com\/micielo.es\/wp-content\/uploads\/2017\/05\/35865-20170220_150725.jpg?w=1400&amp;ssl=1 1400w, https:\/\/i0.wp.com\/micielo.es\/wp-content\/uploads\/2017\/05\/35865-20170220_150725.jpg?w=2100&amp;ssl=1 2100w\" sizes=\"auto, (max-width: 700px) 100vw, 700px\" \/><\/p>\n<p>Gudrun et Andreas ont aid\u00e9 avec des paroles et des actes. Nous recevons de nombreux conseils et profitons de leurs nombreuses ann\u00e9es d&rsquo;exp\u00e9rience avec un champ communautaire au Tyrol.<\/p>\n<div class=\"tiled-gallery type-rectangular tiled-gallery-unresized\" data-original-width=\"700\" data-carousel-extra='{&quot;blog_id&quot;:1,&quot;permalink&quot;:&quot;https:\\\/\\\/micielo.es\\\/fr\\\/2017\\\/04\\\/01\\\/avril-2017\\\/&quot;,&quot;likes_blog_id&quot;:124096146}' itemscope itemtype=\"http:\/\/schema.org\/ImageGallery\" > <div class=\"gallery-row\" style=\"width: 700px; height: 199px;\" data-original-width=\"700\" data-original-height=\"199\" > <div class=\"gallery-group images-1\" style=\"width: 350px; height: 199px;\" data-original-width=\"350\" data-original-height=\"199\" > <div class=\"tiled-gallery-item tiled-gallery-item-large\" itemprop=\"associatedMedia\" itemscope itemtype=\"http:\/\/schema.org\/ImageObject\"> <a href=\"https:\/\/micielo.es\/fr\/2017\/04\/01\/avril-2017\/andi2\/\" border=\"0\" itemprop=\"url\"> <meta itemprop=\"width\" content=\"346\"> <meta itemprop=\"height\" content=\"195\"> <img decoding=\"async\" class=\"\" data-attachment-id=\"4760\" data-orig-file=\"https:\/\/micielo.es\/fr\/2017\/04\/01\/avril-2017\/andi2\/\" data-orig-size=\"3264,1836\" data-comments-opened=\"1\" data-image-meta=\"{&quot;aperture&quot;:&quot;2.4&quot;,&quot;credit&quot;:&quot;&quot;,&quot;camera&quot;:&quot;SM-A300FU&quot;,&quot;caption&quot;:&quot;&quot;,&quot;created_timestamp&quot;:&quot;1493038759&quot;,&quot;copyright&quot;:&quot;&quot;,&quot;focal_length&quot;:&quot;3.3&quot;,&quot;iso&quot;:&quot;50&quot;,&quot;shutter_speed&quot;:&quot;0.0020040080160321&quot;,&quot;title&quot;:&quot;&quot;,&quot;orientation&quot;:&quot;1&quot;}\" data-image-title=\"Andi2\" data-image-description=\"\" data-medium-file=\"\" data-large-file=\"\" src=\"https:\/\/micielo.es\/fr\/2017\/04\/01\/avril-2017\/andi2\/\" width=\"346\" height=\"195\" loading=\"lazy\" data-original-width=\"346\" data-original-height=\"195\" itemprop=\"http:\/\/schema.org\/image\" title=\"Andi2\" alt=\"Andi2\" style=\"width: 346px; height: 195px;\" \/> <\/a> <\/div> <\/div> <!-- close group --> <div class=\"gallery-group images-1\" style=\"width: 350px; height: 199px;\" data-original-width=\"350\" data-original-height=\"199\" > <div class=\"tiled-gallery-item tiled-gallery-item-large\" itemprop=\"associatedMedia\" itemscope itemtype=\"http:\/\/schema.org\/ImageObject\"> <a href=\"https:\/\/micielo.es\/fr\/2017\/04\/01\/avril-2017\/gudrun2\/\" border=\"0\" itemprop=\"url\"> <meta itemprop=\"width\" content=\"346\"> <meta itemprop=\"height\" content=\"195\"> <img decoding=\"async\" class=\"\" data-attachment-id=\"4801\" data-orig-file=\"https:\/\/micielo.es\/fr\/2017\/04\/01\/avril-2017\/gudrun2\/\" data-orig-size=\"3264,1836\" data-comments-opened=\"1\" data-image-meta=\"{&quot;aperture&quot;:&quot;2.4&quot;,&quot;credit&quot;:&quot;&quot;,&quot;camera&quot;:&quot;SM-A300FU&quot;,&quot;caption&quot;:&quot;&quot;,&quot;created_timestamp&quot;:&quot;1493038950&quot;,&quot;copyright&quot;:&quot;&quot;,&quot;focal_length&quot;:&quot;3.3&quot;,&quot;iso&quot;:&quot;50&quot;,&quot;shutter_speed&quot;:&quot;0.0096153846153846&quot;,&quot;title&quot;:&quot;&quot;,&quot;orientation&quot;:&quot;1&quot;}\" data-image-title=\"Gudrun2\" data-image-description=\"\" data-medium-file=\"\" data-large-file=\"\" src=\"https:\/\/micielo.es\/fr\/2017\/04\/01\/avril-2017\/gudrun2\/\" width=\"346\" height=\"195\" loading=\"lazy\" data-original-width=\"346\" data-original-height=\"195\" itemprop=\"http:\/\/schema.org\/image\" title=\"Gudrun2\" alt=\"Gudrun2\" style=\"width: 346px; height: 195px;\" \/> <\/a> <\/div> <\/div> <!-- close group --> <\/div> <!-- close row --> <\/div>\n<p>Andreas coupe des chardons, Gudrun et Andrea arrosent les arbres fruitiers et empilent du bois.<\/p>\n<p><img data-recalc-dims=\"1\" loading=\"lazy\" decoding=\"async\" class=\" size-full wp-image-625 aligncenter\" src=\"https:\/\/i0.wp.com\/micielo.es\/wp-content\/uploads\/2017\/05\/fc4a8-holzstapel.jpg?resize=425%2C319&#038;ssl=1\" alt=\"Holzstapel\" width=\"425\" height=\"319\" srcset=\"https:\/\/i0.wp.com\/micielo.es\/wp-content\/uploads\/2017\/05\/fc4a8-holzstapel.jpg?w=425&amp;ssl=1 425w, https:\/\/i0.wp.com\/micielo.es\/wp-content\/uploads\/2017\/05\/fc4a8-holzstapel.jpg?resize=300%2C225&amp;ssl=1 300w, https:\/\/i0.wp.com\/micielo.es\/wp-content\/uploads\/2017\/05\/fc4a8-holzstapel.jpg?resize=400%2C300&amp;ssl=1 400w, https:\/\/i0.wp.com\/micielo.es\/wp-content\/uploads\/2017\/05\/fc4a8-holzstapel.jpg?resize=200%2C150&amp;ssl=1 200w\" sizes=\"auto, (max-width: 425px) 100vw, 425px\" \/><\/p>\n<p>Nous avons un besoin urgent d&rsquo;eau courante sur la propri\u00e9t\u00e9. Le temps chaud et venteux commence.<\/p>\n<p><img data-recalc-dims=\"1\" loading=\"lazy\" decoding=\"async\" class=\"alignnone size-full wp-image-626\" src=\"https:\/\/i0.wp.com\/micielo.es\/wp-content\/uploads\/2017\/05\/2ec51-gelbe-blumenwiese.jpg?resize=700%2C524&#038;ssl=1\" alt=\"gelbe Blumenwiese\" width=\"700\" height=\"524\" srcset=\"https:\/\/i0.wp.com\/micielo.es\/wp-content\/uploads\/2017\/05\/2ec51-gelbe-blumenwiese.jpg?w=709&amp;ssl=1 709w, https:\/\/i0.wp.com\/micielo.es\/wp-content\/uploads\/2017\/05\/2ec51-gelbe-blumenwiese.jpg?resize=300%2C225&amp;ssl=1 300w, https:\/\/i0.wp.com\/micielo.es\/wp-content\/uploads\/2017\/05\/2ec51-gelbe-blumenwiese.jpg?resize=400%2C300&amp;ssl=1 400w, https:\/\/i0.wp.com\/micielo.es\/wp-content\/uploads\/2017\/05\/2ec51-gelbe-blumenwiese.jpg?resize=200%2C150&amp;ssl=1 200w\" sizes=\"auto, (max-width: 700px) 100vw, 700px\" \/><\/p>\n<p>Encore difficile d&rsquo;imaginer que cela ressemblera \u00e0 \u00e7a de si t\u00f4t&#8230;<\/p>\n<p><img data-recalc-dims=\"1\" loading=\"lazy\" decoding=\"async\" class=\"alignnone size-full wp-image-637\" src=\"https:\/\/i0.wp.com\/micielo.es\/wp-content\/uploads\/2017\/05\/1df15-baum.jpg?resize=680%2C510&#038;ssl=1\" alt=\"Baum\" width=\"680\" height=\"510\" srcset=\"https:\/\/i0.wp.com\/micielo.es\/wp-content\/uploads\/2017\/05\/1df15-baum.jpg?w=680&amp;ssl=1 680w, https:\/\/i0.wp.com\/micielo.es\/wp-content\/uploads\/2017\/05\/1df15-baum.jpg?resize=300%2C225&amp;ssl=1 300w, https:\/\/i0.wp.com\/micielo.es\/wp-content\/uploads\/2017\/05\/1df15-baum.jpg?resize=400%2C300&amp;ssl=1 400w, https:\/\/i0.wp.com\/micielo.es\/wp-content\/uploads\/2017\/05\/1df15-baum.jpg?resize=200%2C150&amp;ssl=1 200w\" sizes=\"auto, (max-width: 680px) 100vw, 680px\" \/><\/p>\n<p>Nous devons nous-m\u00eames quitter notre appartement de fin juin \u00e0 d\u00e9but septembre, car il est lou\u00e9 tr\u00e8s cher comme appartement de vacances en \u00e9t\u00e9. Le remplissage d&rsquo;eau ne sera alors plus possible.<\/p>\n<p><img data-recalc-dims=\"1\" loading=\"lazy\" decoding=\"async\" class=\"alignnone size-full wp-image-640\" src=\"https:\/\/i0.wp.com\/micielo.es\/wp-content\/uploads\/2017\/05\/a97a8-seco2-1.jpg?resize=700%2C524&#038;ssl=1\" alt=\"seco2\" width=\"700\" height=\"524\"><\/p>\n<p>Au fur et \u00e0 mesure que le mois d&rsquo;avril avance, nous r\u00e9alisons que la vente de notre maison pourrait \u00eatre longue \u00e0 venir. On peut encore financer une all\u00e9e, puis il faut s&rsquo;occuper du financement provisoire de la production d&rsquo;eau. Nous aurons besoin de la confiance de nos amis et des autres.<\/p>\n<p>Pendant des mois, Andrea a travaill\u00e9 sur des manuels et des sites Web de divers sites de financement participatif. Nous avons choisi ecocrowd.de parce que nous sentons que nous appartenons aux principes et pensons que notre projet correspond au contenu.<\/p>\n<p>Nous cr\u00e9ons un profil, tournons une vid\u00e9o et l&rsquo;envoyons \u00e0 l&rsquo;organisation de collecte de fonds pour examen.<\/p>\n<p><img data-recalc-dims=\"1\" loading=\"lazy\" decoding=\"async\" class=\"alignnone size-full wp-image-627\" src=\"https:\/\/i0.wp.com\/micielo.es\/wp-content\/uploads\/2017\/05\/c7b3a-lilith-und-oscar.jpg?resize=700%2C431&#038;ssl=1\" alt=\"Lilith und Oscar\" width=\"700\" height=\"431\" srcset=\"https:\/\/i0.wp.com\/micielo.es\/wp-content\/uploads\/2017\/05\/c7b3a-lilith-und-oscar.jpg?w=709&amp;ssl=1 709w, https:\/\/i0.wp.com\/micielo.es\/wp-content\/uploads\/2017\/05\/c7b3a-lilith-und-oscar.jpg?resize=300%2C185&amp;ssl=1 300w\" sizes=\"auto, (max-width: 700px) 100vw, 700px\" \/><\/p>\n","protected":false},"excerpt":{"rendered":"<p>essai 1<\/p>\n","protected":false},"author":117018168,"featured_media":0,"comment_status":"open","ping_status":"open","sticky":false,"template":"","format":"status","meta":{"_coblocks_attr":"","_coblocks_dimensions":"","_coblocks_responsive_height":"","_coblocks_accordion_ie_support":"","_crdt_document":"","advanced_seo_description":"","jetpack_seo_html_title":"","jetpack_seo_noindex":false,"_jetpack_newsletter_access":"","_jetpack_dont_email_post_to_subs":false,"_jetpack_newsletter_tier_id":0,"_jetpack_memberships_contains_paywalled_content":false,"_jetpack_memberships_contains_paid_content":false,"footnotes":"","jetpack_publicize_message":"","jetpack_publicize_feature_enabled":true,"jetpack_social_post_already_shared":true,"jetpack_social_options":{"image_generator_settings":{"template":"highway","default_image_id":0,"font":"","enabled":false},"version":2},"_wpas_customize_per_network":false,"jetpack_post_was_ever_published":false},"categories":[134],"tags":[],"class_list":["post-4108","post","type-post","status-publish","format-status","hentry","category-general-fr","post_format-post-format-status"],"jetpack_publicize_connections":[],"jetpack_featured_media_url":"","jetpack_likes_enabled":false,"jetpack_sharing_enabled":true,"jetpack_shortlink":"https:\/\/wp.me\/p8oH4K-14g","amp_enabled":true,"_links":{"self":[{"href":"https:\/\/micielo.es\/fr\/wp-json\/wp\/v2\/posts\/4108","targetHints":{"allow":["GET"]}}],"collection":[{"href":"https:\/\/micielo.es\/fr\/wp-json\/wp\/v2\/posts"}],"about":[{"href":"https:\/\/micielo.es\/fr\/wp-json\/wp\/v2\/types\/post"}],"author":[{"embeddable":true,"href":"https:\/\/micielo.es\/fr\/wp-json\/wp\/v2\/users\/117018168"}],"replies":[{"embeddable":true,"href":"https:\/\/micielo.es\/fr\/wp-json\/wp\/v2\/comments?post=4108"}],"version-history":[{"count":0,"href":"https:\/\/micielo.es\/fr\/wp-json\/wp\/v2\/posts\/4108\/revisions"}],"wp:attachment":[{"href":"https:\/\/micielo.es\/fr\/wp-json\/wp\/v2\/media?parent=4108"}],"wp:term":[{"taxonomy":"category","embeddable":true,"href":"https:\/\/micielo.es\/fr\/wp-json\/wp\/v2\/categories?post=4108"},{"taxonomy":"post_tag","embeddable":true,"href":"https:\/\/micielo.es\/fr\/wp-json\/wp\/v2\/tags?post=4108"}],"curies":[{"name":"wp","href":"https:\/\/api.w.org\/{rel}","templated":true}]}}